{"id":491,"date":"2023-12-01T10:53:00","date_gmt":"2023-12-01T09:53:00","guid":{"rendered":"https:\/\/livepr.hu\/?p=491"},"modified":"2025-10-30T11:10:20","modified_gmt":"2025-10-30T10:10:20","slug":"az-mi-alaassa-a-media-es-a-kommunikacios-szakma-hitelesseget","status":"publish","type":"post","link":"https:\/\/livepr.hu\/en\/az-mi-alaassa-a-media-es-a-kommunikacios-szakma-hitelesseget\/","title":{"rendered":"AZ MI al\u00e1\u00e1ssa a m\u00e9dia \u00e9s a kommunik\u00e1ci\u00f3s szakma hiteless\u00e9g\u00e9t?"},"content":{"rendered":"<p>A c\u00edmben feltett k\u00e9rd\u00e9sre sokan keresik a v\u00e1laszt, de most egy meglehet\u0151sen bor\u00fal\u00e1t\u00f3&nbsp;perspekt\u00edv\u00e1ra szeretn\u00e9nk felh\u00edvni a figyelmet.&nbsp;Kor\u00e1bbi m\u00fcncheni koll\u00e9g\u00e1nk, Petra Sammer(ex-Ketchum tan\u00e1csad\u00f3), \u00e9s&nbsp;Michael Burker professzor,&nbsp;n\u00e9met kommunik\u00e1ci\u00f3s&nbsp;szakember nemr\u00e9giben megkongatt\u00e1k a v\u00e9szharangot, \u00e9s s\u00fcrg\u0151s l\u00e9p\u00e9seket s\u00fcrgettek ezen a t\u00e9ren.&nbsp;<\/p>\n\n\n\n<p><a href=\"https:\/\/www.petrasammer.com\/creativity\/ki-storytelling\/\">Kiindul\u00f3 \u00e1ll\u00e1sfoglal\u00e1suk<\/a>&nbsp;n\u00e9h\u00e1ny elem\u00e9re biztosan \u00e9rdemes felfigyelni, mert azokat a magyar val\u00f3s\u00e1g is er\u0151sen al\u00e1t\u00e1masztja.&nbsp;L\u00e9nyeg\u00e9ben azt mondj\u00e1k, hogy a m\u00e9dia \u00e9s a kommunik\u00e1ci\u00f3 hiteless\u00e9ge meg\u0151rz\u00e9s\u00e9nek v\u00e9delm\u00e9ben az eddigiekn\u00e9l sokkal komolyabb \u00f6sszefog\u00e1sra \u00e9s l\u00e9p\u00e9sekre van sz\u00fcks\u00e9g, mert egy\u00e9bk\u00e9nt&nbsp;megszokott vil\u00e1gunk hamarosan \u00f6sszed\u0151lhet. Mindennek al\u00e1t\u00e1maszt\u00e1s\u00e1ra \u00f6t t\u00e9zist tettek k\u00f6zz\u00e9.<\/p>\n\n\n\n<ol class=\"wp-block-list\">\n<li>Az MI kreat\u00edv felhaszn\u00e1l\u00e1sa es\u00e9lyeket \u00e9s kock\u00e1zatokat is rejt a v\u00e1llalati kommunik\u00e1ci\u00f3ban \u2013 a szakembereknek ny\u00edltan \u00e9s kritikusan kellene reag\u00e1lni erre a fejl\u0151d\u00e9sre.<\/li>\n\n\n\n<li>A val\u00f3s\u00e1g egyre nehezebben k\u00fcl\u00f6nb\u00f6ztethet\u0151 meg a (sokszor az MI \u00e1ltal gener\u00e1lt sz\u00f6veges, k\u00e9pi vagy mozg\u00f3k\u00e9pi) fikci\u00f3t\u00f3l. Ez egyre nagyobb neh\u00e9zs\u00e9gek el\u00e9 \u00e1ll\u00edtja a m\u00e9dia fogyaszt\u00f3it.<\/li>\n\n\n\n<li>A bizonytalans\u00e1g \u00e9s a bizalom hi\u00e1nya ahhoz vezet, hogy cs\u00f6kken a kommunik\u00e1ci\u00f3t \u0171z\u0151k szakmai hiteless\u00e9ge. Ez hosszabb t\u00e1von a demokr\u00e1ci\u00e1t is al\u00e1\u00e1shatja.<\/li>\n\n\n\n<li>A PR-szakm\u00e1nak nagy el\u0151vigy\u00e1zattal kell haszn\u00e1lnia az MI-t, annak felhaszn\u00e1l\u00e1s\u00e1t vil\u00e1gosan jeleznie kell, \u00e9s semmik\u00e9ppen sem szabad (m\u00e9g kreat\u00edv okb\u00f3l sem) hamis inform\u00e1ci\u00f3kat terjesztenie.<\/li>\n\n\n\n<li>A v\u00e1llalatoknak, szervezeteknek \u00e9s \u00fcgyn\u00f6ks\u00e9geknek ki kell dolgozniuk\u00a0az \u00e1ltal\u00e1nos szakmai etikai k\u00f3dexeken t\u00falmutat\u00f3\u00a0saj\u00e1t ir\u00e1nyelveiket\u00a0az MI felhaszn\u00e1l\u00e1s\u00e1val kapcsolatban.<\/li>\n<\/ol>\n\n\n\n<p><\/p>","protected":false},"excerpt":{"rendered":"<p>A c\u00edmben feltett k\u00e9rd\u00e9sre sokan keresik a v\u00e1laszt, de most egy meglehet\u0151sen bor\u00fal\u00e1t\u00f3&nbsp;perspekt\u00edv\u00e1ra szeretn\u00e9nk felh\u00edvni a figyelmet.&nbsp;Kor\u00e1bbi m\u00fcncheni koll\u00e9g\u00e1nk, Petra Sammer(ex-Ketchum tan\u00e1csad\u00f3), \u00e9s&nbsp;Michael Burker professzor,&nbsp;n\u00e9met kommunik\u00e1ci\u00f3s&nbsp;szakember nemr\u00e9giben megkongatt\u00e1k a v\u00e9szharangot, \u00e9s s\u00fcrg\u0151s l\u00e9p\u00e9seket s\u00fcrgettek ezen a t\u00e9ren.&nbsp; Kiindul\u00f3 \u00e1ll\u00e1sfoglal\u00e1suk&nbsp;n\u00e9h\u00e1ny elem\u00e9re biztosan \u00e9rdemes felfigyelni, mert azokat a magyar val\u00f3s\u00e1g is er\u0151sen al\u00e1t\u00e1masztja.&nbsp;L\u00e9nyeg\u00e9ben azt mondj\u00e1k, hogy a [&hellip;]<\/p>\n","protected":false},"author":1,"featured_media":492,"comment_status":"closed","ping_status":"closed","sticky":false,"template":"","format":"standard","meta":{"_acf_changed":false,"_seopress_robots_primary_cat":"","_seopress_titles_title":"","_seopress_titles_desc":"","_seopress_robots_index":"","footnotes":""},"categories":[1],"tags":[20,22,21],"class_list":["post-491","post","type-post","status-publish","format-standard","has-post-thumbnail","hentry","category-blog","tag-ai","tag-kommunikacio","tag-mi"],"acf":[],"_links":{"self":[{"href":"https:\/\/livepr.hu\/en\/wp-json\/wp\/v2\/posts\/491","targetHints":{"allow":["GET"]}}],"collection":[{"href":"https:\/\/livepr.hu\/en\/wp-json\/wp\/v2\/posts"}],"about":[{"href":"https:\/\/livepr.hu\/en\/wp-json\/wp\/v2\/types\/post"}],"author":[{"embeddable":true,"href":"https:\/\/livepr.hu\/en\/wp-json\/wp\/v2\/users\/1"}],"replies":[{"embeddable":true,"href":"https:\/\/livepr.hu\/en\/wp-json\/wp\/v2\/comments?post=491"}],"version-history":[{"count":1,"href":"https:\/\/livepr.hu\/en\/wp-json\/wp\/v2\/posts\/491\/revisions"}],"predecessor-version":[{"id":493,"href":"https:\/\/livepr.hu\/en\/wp-json\/wp\/v2\/posts\/491\/revisions\/493"}],"wp:featuredmedia":[{"embeddable":true,"href":"https:\/\/livepr.hu\/en\/wp-json\/wp\/v2\/media\/492"}],"wp:attachment":[{"href":"https:\/\/livepr.hu\/en\/wp-json\/wp\/v2\/media?parent=491"}],"wp:term":[{"taxonomy":"category","embeddable":true,"href":"https:\/\/livepr.hu\/en\/wp-json\/wp\/v2\/categories?post=491"},{"taxonomy":"post_tag","embeddable":true,"href":"https:\/\/livepr.hu\/en\/wp-json\/wp\/v2\/tags?post=491"}],"curies":[{"name":"wp","href":"https:\/\/api.w.org\/{rel}","templated":true}]}}