{"id":488,"date":"2023-11-05T20:51:00","date_gmt":"2023-11-05T19:51:00","guid":{"rendered":"https:\/\/livepr.hu\/?p=488"},"modified":"2025-10-30T11:10:40","modified_gmt":"2025-10-30T10:10:40","slug":"pr-alapelvek-a-mesterseges-intelligencia-alkalmazasahoz","status":"publish","type":"post","link":"https:\/\/livepr.hu\/en\/pr-alapelvek-a-mesterseges-intelligencia-alkalmazasahoz\/","title":{"rendered":"PR-alapelvek a mesters\u00e9ges intelligencia alkalmaz\u00e1s\u00e1hoz"},"content":{"rendered":"<p>Egyre t\u00f6bben szembes\u00fcl\u00fcnk azzal, hogy a v\u00e1llalatok, m\u00e1rk\u00e1k&nbsp;a fogyaszt\u00f3i kapcsolattart\u00e1s imm\u00e1r legfontosabb eszk\u00f6zek\u00e9nt tekintenek a mesters\u00e9ges intelligenci\u00e1ra. Chatbotok \u00e9rdekl\u0151dnek&nbsp;k\u00edv\u00e1ns\u00e1gaink fel\u0151l, sz\u00e1m\u00edt\u00f3g\u00e9pek v\u00e1laszolnak leveleinkre, \u00e9rezhet\u0151en \u201eg\u00e9pies\u201d sz\u00f6vegeket olvasunk a weben.&nbsp;<\/p>\n\n\n\n<p>A PR-szakma sz\u00e1m\u00e1ra komoly kih\u00edv\u00e1s, hogy f\u00e9ljen ett\u0151l a fejl\u0151d\u00e9st\u0151l, vagy tegye mag\u00e1\u00e9v\u00e1 \u00e9s haszn\u00e1lja fel. A kommunik\u00e1ci\u00f3s teoretikusok sora foglalkozik m\u00e1r \u00e9vek \u00f3ta a k\u00e9rd\u00e9ssel, \u00e9s m\u00e1ra eljutottunk oda, hogy az egyik legnagyobb nemzetk\u00f6zi szakmai szervezet&nbsp;is k\u00f6zz\u00e9tette \u00e1ll\u00e1sfoglal\u00e1s\u00e1t a k\u00e9rd\u00e9sr\u0151l.&nbsp;<\/p>\n\n\n\n<p>Noha a charta szok\u00e1s szerint kicsit \u201et\u00fal sokat markol \u2013 keveset fog\u201d jelleg\u0171re sikeredett, \u00fcdv\u00f6zlend\u0151, hogy megkezd\u0151d\u00f6tt a k\u00f6z\u00f6s gondolkod\u00e1s a t\u00e9m\u00e1ban.<\/p>\n\n\n\n<p>Az alapelvek r\u00e9szleteit a&nbsp;<a href=\"https:\/\/www.mprsz.hu\/az-ai-kiegesziti-es-nem-helyettesiti-a-pr-t\/\">Magyar PR Sz\u00f6vets\u00e9g h\u00edr\u00e9ben<\/a>&nbsp;lehet megtal\u00e1lni.<\/p>","protected":false},"excerpt":{"rendered":"<p>Egyre t\u00f6bben szembes\u00fcl\u00fcnk azzal, hogy a v\u00e1llalatok, m\u00e1rk\u00e1k&nbsp;a fogyaszt\u00f3i kapcsolattart\u00e1s imm\u00e1r legfontosabb eszk\u00f6zek\u00e9nt tekintenek a mesters\u00e9ges intelligenci\u00e1ra. Chatbotok \u00e9rdekl\u0151dnek&nbsp;k\u00edv\u00e1ns\u00e1gaink fel\u0151l, sz\u00e1m\u00edt\u00f3g\u00e9pek v\u00e1laszolnak leveleinkre, \u00e9rezhet\u0151en \u201eg\u00e9pies\u201d sz\u00f6vegeket olvasunk a weben.&nbsp; A PR-szakma sz\u00e1m\u00e1ra komoly kih\u00edv\u00e1s, hogy f\u00e9ljen ett\u0151l a fejl\u0151d\u00e9st\u0151l, vagy tegye mag\u00e1\u00e9v\u00e1 \u00e9s haszn\u00e1lja fel. A kommunik\u00e1ci\u00f3s teoretikusok sora foglalkozik m\u00e1r \u00e9vek \u00f3ta a k\u00e9rd\u00e9ssel, [&hellip;]<\/p>\n","protected":false},"author":1,"featured_media":489,"comment_status":"closed","ping_status":"closed","sticky":false,"template":"","format":"standard","meta":{"_acf_changed":false,"_seopress_robots_primary_cat":"","_seopress_titles_title":"","_seopress_titles_desc":"","_seopress_robots_index":"","footnotes":""},"categories":[1],"tags":[20,23,21],"class_list":["post-488","post","type-post","status-publish","format-standard","has-post-thumbnail","hentry","category-blog","tag-ai","tag-alapelv","tag-mi"],"acf":[],"_links":{"self":[{"href":"https:\/\/livepr.hu\/en\/wp-json\/wp\/v2\/posts\/488","targetHints":{"allow":["GET"]}}],"collection":[{"href":"https:\/\/livepr.hu\/en\/wp-json\/wp\/v2\/posts"}],"about":[{"href":"https:\/\/livepr.hu\/en\/wp-json\/wp\/v2\/types\/post"}],"author":[{"embeddable":true,"href":"https:\/\/livepr.hu\/en\/wp-json\/wp\/v2\/users\/1"}],"replies":[{"embeddable":true,"href":"https:\/\/livepr.hu\/en\/wp-json\/wp\/v2\/comments?post=488"}],"version-history":[{"count":1,"href":"https:\/\/livepr.hu\/en\/wp-json\/wp\/v2\/posts\/488\/revisions"}],"predecessor-version":[{"id":490,"href":"https:\/\/livepr.hu\/en\/wp-json\/wp\/v2\/posts\/488\/revisions\/490"}],"wp:featuredmedia":[{"embeddable":true,"href":"https:\/\/livepr.hu\/en\/wp-json\/wp\/v2\/media\/489"}],"wp:attachment":[{"href":"https:\/\/livepr.hu\/en\/wp-json\/wp\/v2\/media?parent=488"}],"wp:term":[{"taxonomy":"category","embeddable":true,"href":"https:\/\/livepr.hu\/en\/wp-json\/wp\/v2\/categories?post=488"},{"taxonomy":"post_tag","embeddable":true,"href":"https:\/\/livepr.hu\/en\/wp-json\/wp\/v2\/tags?post=488"}],"curies":[{"name":"wp","href":"https:\/\/api.w.org\/{rel}","templated":true}]}}